{"id":2407,"date":"2021-08-09T11:36:57","date_gmt":"2021-08-09T09:36:57","guid":{"rendered":"https:\/\/www.domainesfrancoislurton.com\/?p=2407"},"modified":"2021-08-09T11:36:58","modified_gmt":"2021-08-09T09:36:58","slug":"el-ciclo-fisiologico-de-la-vid","status":"publish","type":"post","link":"https:\/\/www.domainesfrancoislurton.com\/es\/el-ciclo-fisiologico-de-la-vid\/","title":{"rendered":"El ciclo fisiol\u00f3gico de la vid"},"content":{"rendered":"\n<p>A diferencia de los cultivos anuales, la vid es una planta perenne; un organismo complejo que debe ser escuchado y entendido por las personas que lo trabajan. En efecto, las vides deben acumular reservas para crecer y desarrollar su aparato vegetativo, para prepararse para el invierno y tambi\u00e9n para reproducirse gracias a la formaci\u00f3n de eso que nos interesa: la uva. En este contexto tienen lugar las dos fases clave de la reproducci\u00f3n de la vid: la floraci\u00f3n y el cuajado.<\/p>\n\n\n\n<p>Es junio en Francia y el viticultor est\u00e1 en alerta. Las temperaturas y el sol van en aumento, queda poco para la floraci\u00f3n. El n\u00famero de racimos ya se determin\u00f3 el a\u00f1o anterior a trav\u00e9s de las yemas. Esto se conoce como inducci\u00f3n floral y depende de varios par\u00e1metros como la variedad de uva, la posici\u00f3n de la yema, el vigor de los tallos y las condiciones clim\u00e1ticas. Desde el momento del desborre, en abril, las inflorescencias siguen creciendo hasta la expulsi\u00f3n de los cap\u00edtulos.<\/p>\n\n\n\n<p>Entonces comienza la polinizaci\u00f3n. La fecundaci\u00f3n de los \u00f3vulos producir\u00e1 pepitas, alrededor de las cuales se desarrollar\u00e1n las bayas, nuestras futuras uvas. Es el momento en el que comienza el cuajado del fruto, cuando la flor se torna en fruto, comenzando por el agrandamiento del ovario y el secado de los estambres.<\/p>\n\n\n\n<p>Este periodo de reproducci\u00f3n de la vid es crucial para los viticultores, ya que determinar\u00e1 en gran medida el rendimiento del a\u00f1o. En efecto, si bien el n\u00famero de racimos viene determinado por la inducci\u00f3n floral, el n\u00famero de bayas quiz\u00e1s se vea afectado por fen\u00f3menos como el corrimiento o el <em>millerandage.<\/em> Estos se producen cuando las condiciones clim\u00e1ticas no son las \u00f3ptimas: el <em>millerandage<\/em> durante la floraci\u00f3n y el corrimiento durante el cuajado.&nbsp; El <em>millerandage<\/em> es la formaci\u00f3n accidental de bayas sin semillas como resultado de una anomal\u00eda en la fecundaci\u00f3n. Estas bayas no crecer\u00e1n, pero madurar\u00e1n normalmente. El corrimiento corresponde a un descenso repentino del n\u00famero de bayas j\u00f3venes, lo que conlleva un menor rendimiento para el viticultor.<\/p>\n\n\n\n<p>Hoy en d\u00eda, las heladas tard\u00edas que se producen cada vez con m\u00e1s frecuencia en abril obligan a los viticultores a estar cada vez m\u00e1s atentos durante esta fase crucial del desarrollo de la vid.<\/p>\n","protected":false},"excerpt":{"rendered":"<p>A diferencia de los cultivos anuales, la vid es una planta perenne; un organismo complejo que debe ser escuchado y entendido por las personas que lo trabajan. En efecto, las vides deben acumular reservas para crecer y desarrollar su aparato vegetativo, para prepararse para el invierno y tambi\u00e9n para reproducirse gracias a la formaci\u00f3n de [&hellip;]<\/p>\n","protected":false},"author":1,"featured_media":2128,"comment_status":"open","ping_status":"closed","sticky":false,"template":"","format":"standard","meta":{"_acf_changed":false,"footnotes":""},"categories":[31],"tags":[],"thematique":[264,306,307,310],"pays":[],"class_list":["post-2407","post","type-post","status-publish","format-standard","has-post-thumbnail","hentry","category-sin-categorizar","thematique-2020-es","thematique-vinificacion","thematique-viticultura","thematique-winemakers-es"],"acf":[],"yoast_head":"<!-- This site is optimized with the Yoast SEO plugin v27.4 - https:\/\/yoast.com\/product\/yoast-seo-wordpress\/ -->\n<title>El ciclo fisiol\u00f3gico de la vid - Domaines Fran\u00e7ois Lurton<\/title>\n<meta name=\"description\" content=\"A diferencia de los cultivos anuales, la vid es una planta perenne; un organismo complejo que debe ser escuchado y entendido por las personas que lo\" \/>\n<meta name=\"robots\" content=\"index, follow, max-snippet:-1, max-image-preview:large, max-video-preview:-1\" \/>\n<link rel=\"canonical\" href=\"https:\/\/www.domainesfrancoislurton.com\/es\/el-ciclo-fisiologico-de-la-vid\/\" \/>\n<meta property=\"og:locale\" content=\"es_ES\" \/>\n<meta property=\"og:type\" content=\"article\" \/>\n<meta property=\"og:title\" content=\"El ciclo fisiol\u00f3gico de la vid - Domaines Fran\u00e7ois Lurton\" \/>\n<meta property=\"og:description\" content=\"A diferencia de los cultivos anuales, la vid es una planta perenne; un organismo complejo que debe ser escuchado y entendido por las personas que lo\" \/>\n<meta property=\"og:url\" content=\"https:\/\/www.domainesfrancoislurton.com\/es\/el-ciclo-fisiologico-de-la-vid\/\" \/>\n<meta property=\"og:site_name\" content=\"Domaines Fran\u00e7ois Lurton\" \/>\n<meta property=\"article:publisher\" content=\"https:\/\/www.facebook.com\/DomainesFL\/\" \/>\n<meta property=\"article:published_time\" content=\"2021-08-09T09:36:57+00:00\" \/>\n<meta property=\"article:modified_time\" content=\"2021-08-09T09:36:58+00:00\" \/>\n<meta property=\"og:image\" content=\"https:\/\/www.domainesfrancoislurton.com\/wp-content\/uploads\/2021\/01\/vrille.jpg\" \/>\n\t<meta property=\"og:image:width\" content=\"1309\" \/>\n\t<meta property=\"og:image:height\" content=\"1706\" \/>\n\t<meta property=\"og:image:type\" content=\"image\/jpeg\" \/>\n<meta name=\"author\" content=\"rootlurton\" \/>\n<meta name=\"twitter:card\" content=\"summary_large_image\" \/>\n<meta name=\"twitter:creator\" content=\"@francoislurton\" \/>\n<meta name=\"twitter:site\" content=\"@francoislurton\" \/>\n<meta name=\"twitter:label1\" content=\"Escrito por\" \/>\n\t<meta name=\"twitter:data1\" content=\"rootlurton\" \/>\n\t<meta name=\"twitter:label2\" content=\"Tiempo de lectura\" \/>\n\t<meta name=\"twitter:data2\" content=\"2 minutos\" \/>\n<script type=\"application\/ld+json\" class=\"yoast-schema-graph\">{\"@context\":\"https:\\\/\\\/schema.org\",\"@graph\":[{\"@type\":\"Article\",\"@id\":\"https:\\\/\\\/www.domainesfrancoislurton.com\\\/es\\\/el-ciclo-fisiologico-de-la-vid\\\/#article\",\"isPartOf\":{\"@id\":\"https:\\\/\\\/www.domainesfrancoislurton.com\\\/es\\\/el-ciclo-fisiologico-de-la-vid\\\/\"},\"author\":{\"name\":\"rootlurton\",\"@id\":\"https:\\\/\\\/www.domainesfrancoislurton.com\\\/#\\\/schema\\\/person\\\/efe0c209290d69ce2991f5cb3862267e\"},\"headline\":\"El ciclo fisiol\u00f3gico de la vid\",\"datePublished\":\"2021-08-09T09:36:57+00:00\",\"dateModified\":\"2021-08-09T09:36:58+00:00\",\"mainEntityOfPage\":{\"@id\":\"https:\\\/\\\/www.domainesfrancoislurton.com\\\/es\\\/el-ciclo-fisiologico-de-la-vid\\\/\"},\"wordCount\":418,\"commentCount\":0,\"publisher\":{\"@id\":\"https:\\\/\\\/www.domainesfrancoislurton.com\\\/#organization\"},\"image\":{\"@id\":\"https:\\\/\\\/www.domainesfrancoislurton.com\\\/es\\\/el-ciclo-fisiologico-de-la-vid\\\/#primaryimage\"},\"thumbnailUrl\":\"https:\\\/\\\/www.domainesfrancoislurton.com\\\/wp-content\\\/uploads\\\/2021\\\/01\\\/vrille.jpg\",\"articleSection\":[\"Sin categorizar\"],\"inLanguage\":\"es\",\"potentialAction\":[{\"@type\":\"CommentAction\",\"name\":\"Comment\",\"target\":[\"https:\\\/\\\/www.domainesfrancoislurton.com\\\/es\\\/el-ciclo-fisiologico-de-la-vid\\\/#respond\"]}]},{\"@type\":\"WebPage\",\"@id\":\"https:\\\/\\\/www.domainesfrancoislurton.com\\\/es\\\/el-ciclo-fisiologico-de-la-vid\\\/\",\"url\":\"https:\\\/\\\/www.domainesfrancoislurton.com\\\/es\\\/el-ciclo-fisiologico-de-la-vid\\\/\",\"name\":\"El ciclo fisiol\u00f3gico de la vid - Domaines Fran\u00e7ois Lurton\",\"isPartOf\":{\"@id\":\"https:\\\/\\\/www.domainesfrancoislurton.com\\\/#website\"},\"primaryImageOfPage\":{\"@id\":\"https:\\\/\\\/www.domainesfrancoislurton.com\\\/es\\\/el-ciclo-fisiologico-de-la-vid\\\/#primaryimage\"},\"image\":{\"@id\":\"https:\\\/\\\/www.domainesfrancoislurton.com\\\/es\\\/el-ciclo-fisiologico-de-la-vid\\\/#primaryimage\"},\"thumbnailUrl\":\"https:\\\/\\\/www.domainesfrancoislurton.com\\\/wp-content\\\/uploads\\\/2021\\\/01\\\/vrille.jpg\",\"datePublished\":\"2021-08-09T09:36:57+00:00\",\"dateModified\":\"2021-08-09T09:36:58+00:00\",\"description\":\"A diferencia de los cultivos anuales, la vid es una planta perenne; un organismo complejo que debe ser escuchado y entendido por las personas que lo\",\"breadcrumb\":{\"@id\":\"https:\\\/\\\/www.domainesfrancoislurton.com\\\/es\\\/el-ciclo-fisiologico-de-la-vid\\\/#breadcrumb\"},\"inLanguage\":\"es\",\"potentialAction\":[{\"@type\":\"ReadAction\",\"target\":[\"https:\\\/\\\/www.domainesfrancoislurton.com\\\/es\\\/el-ciclo-fisiologico-de-la-vid\\\/\"]}]},{\"@type\":\"ImageObject\",\"inLanguage\":\"es\",\"@id\":\"https:\\\/\\\/www.domainesfrancoislurton.com\\\/es\\\/el-ciclo-fisiologico-de-la-vid\\\/#primaryimage\",\"url\":\"https:\\\/\\\/www.domainesfrancoislurton.com\\\/wp-content\\\/uploads\\\/2021\\\/01\\\/vrille.jpg\",\"contentUrl\":\"https:\\\/\\\/www.domainesfrancoislurton.com\\\/wp-content\\\/uploads\\\/2021\\\/01\\\/vrille.jpg\",\"width\":1309,\"height\":1706,\"caption\":\"vrille vigne\"},{\"@type\":\"BreadcrumbList\",\"@id\":\"https:\\\/\\\/www.domainesfrancoislurton.com\\\/es\\\/el-ciclo-fisiologico-de-la-vid\\\/#breadcrumb\",\"itemListElement\":[{\"@type\":\"ListItem\",\"position\":1,\"name\":\"Home\",\"item\":\"https:\\\/\\\/www.domainesfrancoislurton.com\\\/es\\\/\"},{\"@type\":\"ListItem\",\"position\":2,\"name\":\"El ciclo fisiol\u00f3gico de la vid\"}]},{\"@type\":\"WebSite\",\"@id\":\"https:\\\/\\\/www.domainesfrancoislurton.com\\\/#website\",\"url\":\"https:\\\/\\\/www.domainesfrancoislurton.com\\\/\",\"name\":\"Domaines Fran\u00e7ois Lurton\",\"description\":\"Vigneron de p\u00e8re en fils depuis 1897\",\"publisher\":{\"@id\":\"https:\\\/\\\/www.domainesfrancoislurton.com\\\/#organization\"},\"potentialAction\":[{\"@type\":\"SearchAction\",\"target\":{\"@type\":\"EntryPoint\",\"urlTemplate\":\"https:\\\/\\\/www.domainesfrancoislurton.com\\\/?s={search_term_string}\"},\"query-input\":{\"@type\":\"PropertyValueSpecification\",\"valueRequired\":true,\"valueName\":\"search_term_string\"}}],\"inLanguage\":\"es\"},{\"@type\":\"Organization\",\"@id\":\"https:\\\/\\\/www.domainesfrancoislurton.com\\\/#organization\",\"name\":\"Domaines Fran\u00e7ois Lurton\",\"url\":\"https:\\\/\\\/www.domainesfrancoislurton.com\\\/\",\"logo\":{\"@type\":\"ImageObject\",\"inLanguage\":\"es\",\"@id\":\"https:\\\/\\\/www.domainesfrancoislurton.com\\\/#\\\/schema\\\/logo\\\/image\\\/\",\"url\":\"https:\\\/\\\/www.domainesfrancoislurton.com\\\/wp-content\\\/uploads\\\/2019\\\/04\\\/default-lurton.png\",\"contentUrl\":\"https:\\\/\\\/www.domainesfrancoislurton.com\\\/wp-content\\\/uploads\\\/2019\\\/04\\\/default-lurton.png\",\"width\":960,\"height\":496,\"caption\":\"Domaines Fran\u00e7ois Lurton\"},\"image\":{\"@id\":\"https:\\\/\\\/www.domainesfrancoislurton.com\\\/#\\\/schema\\\/logo\\\/image\\\/\"},\"sameAs\":[\"https:\\\/\\\/www.facebook.com\\\/DomainesFL\\\/\",\"https:\\\/\\\/x.com\\\/francoislurton\",\"https:\\\/\\\/www.instagram.com\\\/francoislurton\\\/\",\"https:\\\/\\\/www.pinterest.fr\\\/DomainesFrancoisLurton\\\/\"]},{\"@type\":\"Person\",\"@id\":\"https:\\\/\\\/www.domainesfrancoislurton.com\\\/#\\\/schema\\\/person\\\/efe0c209290d69ce2991f5cb3862267e\",\"name\":\"rootlurton\"}]}<\/script>\n<!-- \/ Yoast SEO plugin. -->","yoast_head_json":{"title":"El ciclo fisiol\u00f3gico de la vid - Domaines Fran\u00e7ois Lurton","description":"A diferencia de los cultivos anuales, la vid es una planta perenne; un organismo complejo que debe ser escuchado y entendido por las personas que lo","robots":{"index":"index","follow":"follow","max-snippet":"max-snippet:-1","max-image-preview":"max-image-preview:large","max-video-preview":"max-video-preview:-1"},"canonical":"https:\/\/www.domainesfrancoislurton.com\/es\/el-ciclo-fisiologico-de-la-vid\/","og_locale":"es_ES","og_type":"article","og_title":"El ciclo fisiol\u00f3gico de la vid - Domaines Fran\u00e7ois Lurton","og_description":"A diferencia de los cultivos anuales, la vid es una planta perenne; un organismo complejo que debe ser escuchado y entendido por las personas que lo","og_url":"https:\/\/www.domainesfrancoislurton.com\/es\/el-ciclo-fisiologico-de-la-vid\/","og_site_name":"Domaines Fran\u00e7ois Lurton","article_publisher":"https:\/\/www.facebook.com\/DomainesFL\/","article_published_time":"2021-08-09T09:36:57+00:00","article_modified_time":"2021-08-09T09:36:58+00:00","og_image":[{"width":1309,"height":1706,"url":"https:\/\/www.domainesfrancoislurton.com\/wp-content\/uploads\/2021\/01\/vrille.jpg","type":"image\/jpeg"}],"author":"rootlurton","twitter_card":"summary_large_image","twitter_creator":"@francoislurton","twitter_site":"@francoislurton","twitter_misc":{"Escrito por":"rootlurton","Tiempo de lectura":"2 minutos"},"schema":{"@context":"https:\/\/schema.org","@graph":[{"@type":"Article","@id":"https:\/\/www.domainesfrancoislurton.com\/es\/el-ciclo-fisiologico-de-la-vid\/#article","isPartOf":{"@id":"https:\/\/www.domainesfrancoislurton.com\/es\/el-ciclo-fisiologico-de-la-vid\/"},"author":{"name":"rootlurton","@id":"https:\/\/www.domainesfrancoislurton.com\/#\/schema\/person\/efe0c209290d69ce2991f5cb3862267e"},"headline":"El ciclo fisiol\u00f3gico de la vid","datePublished":"2021-08-09T09:36:57+00:00","dateModified":"2021-08-09T09:36:58+00:00","mainEntityOfPage":{"@id":"https:\/\/www.domainesfrancoislurton.com\/es\/el-ciclo-fisiologico-de-la-vid\/"},"wordCount":418,"commentCount":0,"publisher":{"@id":"https:\/\/www.domainesfrancoislurton.com\/#organization"},"image":{"@id":"https:\/\/www.domainesfrancoislurton.com\/es\/el-ciclo-fisiologico-de-la-vid\/#primaryimage"},"thumbnailUrl":"https:\/\/www.domainesfrancoislurton.com\/wp-content\/uploads\/2021\/01\/vrille.jpg","articleSection":["Sin categorizar"],"inLanguage":"es","potentialAction":[{"@type":"CommentAction","name":"Comment","target":["https:\/\/www.domainesfrancoislurton.com\/es\/el-ciclo-fisiologico-de-la-vid\/#respond"]}]},{"@type":"WebPage","@id":"https:\/\/www.domainesfrancoislurton.com\/es\/el-ciclo-fisiologico-de-la-vid\/","url":"https:\/\/www.domainesfrancoislurton.com\/es\/el-ciclo-fisiologico-de-la-vid\/","name":"El ciclo fisiol\u00f3gico de la vid - Domaines Fran\u00e7ois Lurton","isPartOf":{"@id":"https:\/\/www.domainesfrancoislurton.com\/#website"},"primaryImageOfPage":{"@id":"https:\/\/www.domainesfrancoislurton.com\/es\/el-ciclo-fisiologico-de-la-vid\/#primaryimage"},"image":{"@id":"https:\/\/www.domainesfrancoislurton.com\/es\/el-ciclo-fisiologico-de-la-vid\/#primaryimage"},"thumbnailUrl":"https:\/\/www.domainesfrancoislurton.com\/wp-content\/uploads\/2021\/01\/vrille.jpg","datePublished":"2021-08-09T09:36:57+00:00","dateModified":"2021-08-09T09:36:58+00:00","description":"A diferencia de los cultivos anuales, la vid es una planta perenne; un organismo complejo que debe ser escuchado y entendido por las personas que lo","breadcrumb":{"@id":"https:\/\/www.domainesfrancoislurton.com\/es\/el-ciclo-fisiologico-de-la-vid\/#breadcrumb"},"inLanguage":"es","potentialAction":[{"@type":"ReadAction","target":["https:\/\/www.domainesfrancoislurton.com\/es\/el-ciclo-fisiologico-de-la-vid\/"]}]},{"@type":"ImageObject","inLanguage":"es","@id":"https:\/\/www.domainesfrancoislurton.com\/es\/el-ciclo-fisiologico-de-la-vid\/#primaryimage","url":"https:\/\/www.domainesfrancoislurton.com\/wp-content\/uploads\/2021\/01\/vrille.jpg","contentUrl":"https:\/\/www.domainesfrancoislurton.com\/wp-content\/uploads\/2021\/01\/vrille.jpg","width":1309,"height":1706,"caption":"vrille vigne"},{"@type":"BreadcrumbList","@id":"https:\/\/www.domainesfrancoislurton.com\/es\/el-ciclo-fisiologico-de-la-vid\/#breadcrumb","itemListElement":[{"@type":"ListItem","position":1,"name":"Home","item":"https:\/\/www.domainesfrancoislurton.com\/es\/"},{"@type":"ListItem","position":2,"name":"El ciclo fisiol\u00f3gico de la vid"}]},{"@type":"WebSite","@id":"https:\/\/www.domainesfrancoislurton.com\/#website","url":"https:\/\/www.domainesfrancoislurton.com\/","name":"Domaines Fran\u00e7ois Lurton","description":"Vigneron de p\u00e8re en fils depuis 1897","publisher":{"@id":"https:\/\/www.domainesfrancoislurton.com\/#organization"},"potentialAction":[{"@type":"SearchAction","target":{"@type":"EntryPoint","urlTemplate":"https:\/\/www.domainesfrancoislurton.com\/?s={search_term_string}"},"query-input":{"@type":"PropertyValueSpecification","valueRequired":true,"valueName":"search_term_string"}}],"inLanguage":"es"},{"@type":"Organization","@id":"https:\/\/www.domainesfrancoislurton.com\/#organization","name":"Domaines Fran\u00e7ois Lurton","url":"https:\/\/www.domainesfrancoislurton.com\/","logo":{"@type":"ImageObject","inLanguage":"es","@id":"https:\/\/www.domainesfrancoislurton.com\/#\/schema\/logo\/image\/","url":"https:\/\/www.domainesfrancoislurton.com\/wp-content\/uploads\/2019\/04\/default-lurton.png","contentUrl":"https:\/\/www.domainesfrancoislurton.com\/wp-content\/uploads\/2019\/04\/default-lurton.png","width":960,"height":496,"caption":"Domaines Fran\u00e7ois Lurton"},"image":{"@id":"https:\/\/www.domainesfrancoislurton.com\/#\/schema\/logo\/image\/"},"sameAs":["https:\/\/www.facebook.com\/DomainesFL\/","https:\/\/x.com\/francoislurton","https:\/\/www.instagram.com\/francoislurton\/","https:\/\/www.pinterest.fr\/DomainesFrancoisLurton\/"]},{"@type":"Person","@id":"https:\/\/www.domainesfrancoislurton.com\/#\/schema\/person\/efe0c209290d69ce2991f5cb3862267e","name":"rootlurton"}]}},"_links":{"self":[{"href":"https:\/\/www.domainesfrancoislurton.com\/es\/wp-json\/wp\/v2\/posts\/2407","targetHints":{"allow":["GET"]}}],"collection":[{"href":"https:\/\/www.domainesfrancoislurton.com\/es\/wp-json\/wp\/v2\/posts"}],"about":[{"href":"https:\/\/www.domainesfrancoislurton.com\/es\/wp-json\/wp\/v2\/types\/post"}],"author":[{"embeddable":true,"href":"https:\/\/www.domainesfrancoislurton.com\/es\/wp-json\/wp\/v2\/users\/1"}],"replies":[{"embeddable":true,"href":"https:\/\/www.domainesfrancoislurton.com\/es\/wp-json\/wp\/v2\/comments?post=2407"}],"version-history":[{"count":2,"href":"https:\/\/www.domainesfrancoislurton.com\/es\/wp-json\/wp\/v2\/posts\/2407\/revisions"}],"predecessor-version":[{"id":2409,"href":"https:\/\/www.domainesfrancoislurton.com\/es\/wp-json\/wp\/v2\/posts\/2407\/revisions\/2409"}],"wp:featuredmedia":[{"embeddable":true,"href":"https:\/\/www.domainesfrancoislurton.com\/es\/wp-json\/wp\/v2\/media\/2128"}],"wp:attachment":[{"href":"https:\/\/www.domainesfrancoislurton.com\/es\/wp-json\/wp\/v2\/media?parent=2407"}],"wp:term":[{"taxonomy":"category","embeddable":true,"href":"https:\/\/www.domainesfrancoislurton.com\/es\/wp-json\/wp\/v2\/categories?post=2407"},{"taxonomy":"post_tag","embeddable":true,"href":"https:\/\/www.domainesfrancoislurton.com\/es\/wp-json\/wp\/v2\/tags?post=2407"},{"taxonomy":"thematique","embeddable":true,"href":"https:\/\/www.domainesfrancoislurton.com\/es\/wp-json\/wp\/v2\/thematique?post=2407"},{"taxonomy":"pays","embeddable":true,"href":"https:\/\/www.domainesfrancoislurton.com\/es\/wp-json\/wp\/v2\/pays?post=2407"}],"curies":[{"name":"wp","href":"https:\/\/api.w.org\/{rel}","templated":true}]}}